{"id":803,"date":"2021-10-06T16:37:31","date_gmt":"2021-10-06T16:37:31","guid":{"rendered":"https:\/\/menarilifecoach.com\/?p=803"},"modified":"2021-10-06T16:50:24","modified_gmt":"2021-10-06T16:50:24","slug":"como-surge-menarilifecoach","status":"publish","type":"post","link":"https:\/\/menarilifecoach.com\/index.php\/2021\/10\/06\/como-surge-menarilifecoach\/","title":{"rendered":"C\u00f3mo surge menarilifecoach"},"content":{"rendered":"\t\t<div data-elementor-type=\"wp-post\" data-elementor-id=\"803\" class=\"elementor elementor-803\" data-elementor-settings=\"[]\">\n\t\t\t\t\t\t\t<div class=\"elementor-section-wrap\">\n\t\t\t\t\t\t\t<section class=\"elementor-section elementor-top-section elementor-element elementor-element-a1d39bd elementor-section-boxed elementor-section-height-default elementor-section-height-default\" data-id=\"a1d39bd\" data-element_type=\"section\">\r\n\t\t\t\r\n\t\t\t\t\t\t\t\t\t<div class=\"elementor-container elementor-column-gap-default\">\r\n\t\t\t\t\t\t\t\t\t\t\t<div class=\"elementor-column elementor-col-100 elementor-top-column elementor-element elementor-element-a052e36\" data-id=\"a052e36\" data-element_type=\"column\">\n\t\t\t<div class=\"elementor-widget-wrap elementor-element-populated\">\n\t\t\t\t\t\t\t\t<div class=\"elementor-element elementor-element-5b160cb elementor-widget elementor-widget-text-editor\" data-id=\"5b160cb\" data-element_type=\"widget\" data-widget_type=\"text-editor.default\">\n\t\t\t\t<div class=\"elementor-widget-container\">\n\t\t\t\t\t\t\t\t<p>Hace 4 a\u00f1os lleg\u00f3 un a mis manos un libro que despert\u00f3 mi esencia, una l\u00ednea llamo mi atenci\u00f3n&#8230;&#8221;un camino de autodescubrimiento&#8221; esa era la frase que estaba justo debajo del t\u00edtulo, al que hoy doy las gracias por la persona que soy.<\/p><p>\u00a0Era el 2018, y en esos d\u00edas pasaba\u00a0 por un momento muy\u00a0 dif\u00edcil a nivel\u00a0 laboral, vivencia a la que hoy agradezco de coraz\u00f3n y recuerdo como un reto y un momento de superaci\u00f3n personal que me llev\u00f3 a cambiar mi vida y la de mi familia completamente; tuve que salir de mi zona de confort y descubrir mi verdadera realidad, mi potencial.<\/p><p>Entonces,\u00a0 por primera vez en muchos a\u00f1os me pregunt\u00e9 &#8230;\u00bfpara que estoy aqu\u00ed?<br \/>Entonces me di cuenta de lo que verdaderamente\u00a0 quer\u00eda, cu\u00e1l era mi objetivo en la vida, cu\u00e1l era mi sitio, d\u00f3nde quer\u00eda estar y, que ten\u00eda que luchar por mi lugar ya que eso me hac\u00eda realmente fel\u00edz&#8230;<\/p><p>En mi formaci\u00f3n y proceso de Coaching, aprend\u00ed a escuchar y aceptar mis emociones, a descubrir y alinear mis valores,\u00a0 a atender mi yo interno, sin importar la l\u00ednea del tiempo, a l\u00e1mer y curar mis heridas, porque a lo largo\u00a0 del proceso y el crecimiento me aprend\u00ed que solo depend\u00eda de mi.<\/p><p>Deje de escuchar el ruido de mi mente, el bullicio interno ya no estaba &#8230;.ya todo era calma&#8230;hoy se que es f\u00e1cil hacer que la mente se calme. Solo necesitas centrar la atenci\u00f3n en una \u00fanica cosa. Mientras la mente est\u00e9 escuchando tu respiraci\u00f3n, no estar\u00e1 pensando en nada m\u00e1s. No necesitas intentar calmar la mente. Solo necesitas relajarte y seguir escuchando como respiras.<\/p><p>Cuanto m\u00e1s tiempo puedas hacerlo, m\u00e1s se calmar\u00e1 tu mente.<\/p><p>Comprend\u00ed que las personas\u00a0 tambi\u00e9n estamos llenos de innumerables cosas y, sin embargo, vac\u00edos de un yo separado al que debemos atender. Al igual que una flor, contenemos tierra, agua, aire, sol y calor, pero muchas veces no somos capaces de sentir, oler, escuchar, ver o palpar esos elementos porque pasamos por la vida&#8230;pero no vivimos.<\/p><p>Que dentro estamos llenos de talentos y elementos pendientes de descubrir, y que si nos proponemos un objetivo real se puede conseguir solo con determinaci\u00f3n.<\/p><p>Hoy yo te invito a dar el paso, te propongo acompa\u00f1arte\u00a0 en tu proceso, te acompa\u00f1o en el duelo por una\u00a0 p\u00e9rdida, sea cual sea su naturaleza, como Counsellor estoy para\u00a0 escucharte y atenderte profesionalmente.<\/p><p>Recuerda que t\u00fa tambi\u00e9n puedes descubrir t\u00fa potencial y tus talentos, te \u00e1nimo a dar el paso, d\u00e9jame acompa\u00f1arte en tu proceso de coaching personal, a encontrar\u00a0respuestas a tus inquietudes, a cumplir esas metas que dejaste de lado,\u00a0 acompa\u00f1arte a que comiences tu camino de autodescubrimiento, al igual que lo hice yo.<\/p><p>\u00a0<\/p><p><em>Soy <strong>Lilly M\u00e9ndez<\/strong>, Experta en Coaching con Competencias Avanzadas, certificada por:<\/em><\/p><p><em>Certificada en Inteligencia Emocional CCE<\/em><\/p><p><em>\u00a0Certificada en\u00a0 CoachinxValores CCE<\/em><\/p><p><em>Counsellor en acompa\u00f1amiento en el Duelo.<\/em><\/p><p>\u00a0<\/p><p>Ahora te toca a t\u00ed, mira dentro y dime&#8230;..<\/p><p>&#8230;.\u00bfen qu\u00e9 te puedo ayudar?<\/p>\t\t\t\t\t\t<\/div>\n\t\t\t\t<\/div>\n\t\t\t\t\t<\/div>\n\t\t<\/div>\n\t\t\t\t\t\t<\/div>\r\n\t\t\t\t<\/section>\r\n\t\t\t\t<section class=\"elementor-section elementor-top-section elementor-element elementor-element-6a2e9cc elementor-section-full_width elementor-section-height-default elementor-section-height-default\" data-id=\"6a2e9cc\" data-element_type=\"section\" data-settings=\"{&quot;background_background&quot;:&quot;classic&quot;}\">\r\n\t\t\t\r\n\t\t\t\t\t\t\t\t\t<div class=\"elementor-container elementor-column-gap-default\">\r\n\t\t\t\t\t\t\t\t\t\t\t<div class=\"elementor-column elementor-col-100 elementor-top-column elementor-element elementor-element-0d10386\" data-id=\"0d10386\" data-element_type=\"column\">\n\t\t\t<div class=\"elementor-widget-wrap elementor-element-populated\">\n\t\t\t\t\t\t\t\t<div class=\"elementor-element elementor-element-5d0a707 elementor-widget elementor-widget-text-editor\" data-id=\"5d0a707\" data-element_type=\"widget\" data-widget_type=\"text-editor.default\">\n\t\t\t\t<div class=\"elementor-widget-container\">\n\t\t\t\t\t\t\t\t<p><em>No te deseo un sendero sin de nubes,<\/em><\/p><p><em>ni una vida sobre una cama de rosas,<\/em><\/p><p><em>tampoco que nunca debas tener algo que lamentar,<\/em><\/p><p><em>ni que jam\u00e1s debas sentir el dolor.<\/em><\/p><p><em>No, no es ese mi deseo para ti.<\/em><\/p><p><em>Mi deseo para ti es:<\/em><\/p><p><em>Que puedas ser valiente en \u00e9pocas de prueba,<\/em><\/p><p><em>cuando los otros pongan cruces sobre tus hombros.<\/em><\/p><p><em>Cuando debas subir monta\u00f1as y cruzar abismos,<\/em><\/p><p><em>Cuando parezca que no <\/em><em>haya esperanza a la vista.<\/em><\/p><p><em>Que cada regalo que Dios te dio pueda crecer en ti,<\/em><\/p><p><em>Y que seas capaz de permitir que tu regalo haga felices a quienes cuidan de ti.<\/em><\/p><p><em>Que puedas siempre tener un amigo merecedor de tal <\/em><em>nombre,<\/em><\/p><p><em>En quien puedas confiar y quien te ayude en tiempos de tristeza,<\/em><\/p><p><em>Quien desafiar\u00e1 las tormentas de la vida diaria a tu lado.<\/em><\/p><p><em>Y un \u00faltimo deseo tengo para ti:<\/em><\/p><p><em>Que en cada hora de alegr\u00eda y dolor puedas sentir a Dios cerca de ti.<\/em><\/p><p><em>Este es mi deseo para ti y para todos los que te aman.<\/em><\/p><p><em>Esta es mi esperanza para ti ahora y siempre.<\/em><\/p><p><strong><em>An\u00f3nimo<\/em><\/strong><\/p><p><strong><em>&#8220;El camino del Heroe&#8221; pag.258-259<\/em><\/strong><\/p>\t\t\t\t\t\t<\/div>\n\t\t\t\t<\/div>\n\t\t\t\t\t<\/div>\n\t\t<\/div>\n\t\t\t\t\t\t<\/div>\r\n\t\t\t\t<\/section>\r\n\t\t\t\t\t\t<\/div>\n\t\t\t\t\t<\/div>\n\t\t","protected":false},"excerpt":{"rendered":"<p>Hace 4 a\u00f1os lleg\u00f3 un a mis manos un libro que despert\u00f3 mi esencia, una l\u00ednea llamo mi atenci\u00f3n&#8230;&#8221;un camino de autodescubrimiento&#8221; esa era la frase que estaba justo debajo del t\u00edtulo, al que hoy doy las gracias por la persona que soy. Era el 2018, y en esos d\u00edas pasaba\u00a0 por un momento muy\u00a0 [&hellip;]<\/p>\n","protected":false},"author":1,"featured_media":657,"comment_status":"open","ping_status":"open","sticky":false,"template":"","format":"standard","meta":[],"categories":[8],"tags":[],"featured_image_src":{"landsacpe":["https:\/\/menarilifecoach.com\/wp-content\/uploads\/2021\/07\/1626257438464-1140x445.jpg",1140,445,true],"list":["https:\/\/menarilifecoach.com\/wp-content\/uploads\/2021\/07\/1626257438464-463x348.jpg",463,348,true],"medium":["https:\/\/menarilifecoach.com\/wp-content\/uploads\/2021\/07\/1626257438464-300x200.jpg",300,200,true],"full":["https:\/\/menarilifecoach.com\/wp-content\/uploads\/2021\/07\/1626257438464.jpg",2048,1365,false]},"_links":{"self":[{"href":"https:\/\/menarilifecoach.com\/index.php\/wp-json\/wp\/v2\/posts\/803"}],"collection":[{"href":"https:\/\/menarilifecoach.com\/index.php\/wp-json\/wp\/v2\/posts"}],"about":[{"href":"https:\/\/menarilifecoach.com\/index.php\/wp-json\/wp\/v2\/types\/post"}],"author":[{"embeddable":true,"href":"https:\/\/menarilifecoach.com\/index.php\/wp-json\/wp\/v2\/users\/1"}],"replies":[{"embeddable":true,"href":"https:\/\/menarilifecoach.com\/index.php\/wp-json\/wp\/v2\/comments?post=803"}],"version-history":[{"count":14,"href":"https:\/\/menarilifecoach.com\/index.php\/wp-json\/wp\/v2\/posts\/803\/revisions"}],"predecessor-version":[{"id":821,"href":"https:\/\/menarilifecoach.com\/index.php\/wp-json\/wp\/v2\/posts\/803\/revisions\/821"}],"wp:featuredmedia":[{"embeddable":true,"href":"https:\/\/menarilifecoach.com\/index.php\/wp-json\/wp\/v2\/media\/657"}],"wp:attachment":[{"href":"https:\/\/menarilifecoach.com\/index.php\/wp-json\/wp\/v2\/media?parent=803"}],"wp:term":[{"taxonomy":"category","embeddable":true,"href":"https:\/\/menarilifecoach.com\/index.php\/wp-json\/wp\/v2\/categories?post=803"},{"taxonomy":"post_tag","embeddable":true,"href":"https:\/\/menarilifecoach.com\/index.php\/wp-json\/wp\/v2\/tags?post=803"}],"curies":[{"name":"wp","href":"https:\/\/api.w.org\/{rel}","templated":true}]}}