{"id":467,"date":"2021-05-11T11:24:25","date_gmt":"2021-05-11T11:24:25","guid":{"rendered":"http:\/\/webnroll.es\/lili\/?p=467"},"modified":"2021-05-11T11:24:25","modified_gmt":"2021-05-11T11:24:25","slug":"seis-meses-de-pandemia-en-espana","status":"publish","type":"post","link":"https:\/\/menarilifecoach.com\/index.php\/2021\/05\/11\/seis-meses-de-pandemia-en-espana\/","title":{"rendered":"SEIS MESES DE PANDEMIA EN ESPA\u00d1A"},"content":{"rendered":"<p>Es incre\u00edble para muchos de nosotros asimilar que han pasado 6 meses ya desde que<br \/>\ncomenz\u00f3 la pandemia. Si alguien nos hubiera dicho hace 1 a\u00f1o que esto suceder\u00eda le<br \/>\nhubi\u00e9ramos tachado de loco, de chalado, nadie en su sano juicio en ese momento (o al<br \/>\nmenos es lo que quiero creer) podr\u00eda imaginar que un a\u00f1o m\u00e1s tarde nuestro planeta<br \/>\nhabr\u00eda sido golpeado por un virus tan mortal, un SARS 2 con un dominio polib\u00e1sico<br \/>\ninusual altamente infectivo como es el covid-19.<\/p>\n<p>Pero \u00bfc\u00f3mo hemos afrontado este enemigo? Est\u00e1 claro que a cada uno nos ha golpeado<br \/>\nde distintas formas, ha habido perdidas, muchas p\u00e9rdidas y de varios tipos\u2026personales,<br \/>\nfamiliares, emocionales, laborales, sociales, econ\u00f3micas, etc. las relaciones humanas y<br \/>\nsu historia existen de distinta manera antes y despu\u00e9s del covid-19.<\/p>\n<p>El c\u00f3mo nos relacionamos ha cambiado, han quedado atr\u00e1s aquellos efusivos abrazos y<br \/>\nmuestras de cari\u00f1o que d\u00e1bamos a nuestros familiares y amigos de toda la vida, todo<br \/>\nha sido sustituido por un saludo t\u00edmido y ef\u00edmero, ahora chocamos el codo con miedo e<br \/>\ninmediatamente nos recogemos tratando de guardar las distancias de seguridad,<br \/>\nacomod\u00e1ndonos la mascarilla para asegurar que seguimos todos los protocolos, sin<br \/>\nolvidar que ese gesto que, para muchos puede ser fr\u00edvolo es una muestra de amor para<br \/>\nsalvaguardar la salud e incluso la vida.<\/p>\n<p>En Espa\u00f1a y desde mi punto de vista, todo sucedi\u00f3 muy r\u00e1pido, el virus comenz\u00f3 a<br \/>\nexpandirse a un ritmo descontrolado, creci\u00f3 el n\u00famero de contagios y las UCIS de los<br \/>\nhospitales de todo el pa\u00eds en d\u00edas se colapsaron.<\/p>\n<p>El gobierno se debat\u00eda en si la mascarilla y los guantes eran obligatorios, o la mascarilla<br \/>\ny los guantes no eran obligatorios (todo dependiendo de la escasez del mercado y la<br \/>\neficacia de \u00e9stos para conseguirlos; y no el riesgo de contagio que ello significaba) que<br \/>\nno deb\u00edamos entrar en p\u00e1nico ni alarmar a la poblaci\u00f3n.<\/p>\n<p>Estos debates se trasladaban ocasionalmente a las distintas empresas que, por la falta<br \/>\nde informaci\u00f3n asertiva por parte de quienes dirigen el pa\u00eds y los encargados de sanidad<br \/>\nnacional; entre ellos no eran nada coherentes con la realidad, dando pie a informaci\u00f3n<br \/>\nef\u00edmera y err\u00f3nea por parte de los directivos de las mismas que no sab\u00edan que pautas<br \/>\nseguir, lo que facilit\u00f3 el riesgo de contagio. Y as\u00ed estuvimos tres semanas en un limbo de<br \/>\ninformaci\u00f3n donde a quienes utiliz\u00e1bamos la mascarilla nos tachaban de exagerados y<br \/>\nalarmistas.<br \/>\nDe repente empezaron a fallecer muchas personas, cada d\u00eda m\u00e1s y m\u00e1s; se contaban<br \/>\npor cientos e incluso por miles.<br \/>\nY de repente un d\u00eda cuando ya el sistema sanitario de todo el pa\u00eds no daba m\u00e1s de s\u00ed y<br \/>\nlos trabajadores cumpl\u00edan sus guardias de forma precaria, cumpliendo m\u00e1s por<br \/>\nhumanidad y por amor al pr\u00f3jimo que por una n\u00f3mina, con las mascarillas y las gafas<br \/>\ntatuados en sus rostros en forma de llagas; el pueblo toc\u00f3 fondo y el pa\u00eds poco a poco<br \/>\nfue confinado, encerrados en casa para tratar de frenar los contagios, as\u00ed estuvimos por<br \/>\ncasi 3 meses.<\/p>\n<p>En ese per\u00edodo de tiempo los contagios llegaron a alcanzar lo m\u00e1s alto del pico de<br \/>\ncontagios y muertos, dejando cifras alarmantes que poco a poco fueron remitiendo<br \/>\ngracias a que el confinamiento dio sus frutos, dejando familias rotas<br \/>\nde dolor por la p\u00e9rdida de uno o m\u00e1s seres queridos de qui\u00e9n no se pudo despedir,<br \/>\ndejando familias en ruinas, sin trabajo, sin sustento diario, sin sus empresas de toda la<br \/>\nvida, sin padres, hermanos y abuelos, buscando a\u00fan el porqu\u00e9 de lo ocurrido, y tratando<br \/>\npoco a poco de seguir adelante con su luto y su dolor.<\/p>\n<p>As\u00ed a mediados de junio dan inicio las fases de desescalada hasta llegar a la \u201cnueva<br \/>\nnormalidad\u201d<br \/>\nDesgraciadamente en este pa\u00eds, algunos tienen muy poca memoria y olvidan esos casi<br \/>\ntres meses de infernal encierro donde solo nos ve\u00edamos a las 20:00 horas para salir al<br \/>\nbalc\u00f3n a dar ese aplauso solidario a nuestros h\u00e9roes, y quisimos volver a salir y actuar<br \/>\ncomo antes.<\/p>\n<p>No se\u00f1ores y se\u00f1oras, las cosas nunca volver\u00e1n a ser igual que antes, y me reitero en<br \/>\nlo dicho algunas personas tienen muy poca memoria, olvidaron el sufrimiento y se<br \/>\ndedicaron a ir de vacaciones, a visitar a los amigos, la playa y el sol, las fiestas, los<br \/>\nbares y sus terrazas, el botell\u00f3n y los j\u00f3venes\u2026 las segundas viviendas vacacionales\u2026<\/p>\n<p>en fin, nos hemos dedicado a viajar irresponsablemente y nos hemos olvidado de los<br \/>\nprotocolos o como buenos espa\u00f1oles nos hemos pasamos los protocolos por la peineta.<\/p>\n<p>Es por eso hoy, a mediados de septiembre volvemos a retroceder y el covid-19 comienza<br \/>\na remontar y a ganarnos otra vez terreno.<br \/>\nEspa\u00f1a despertemos!! estamos a tiempo!!!\u2026 a\u00fan podemos volver a bajar las 8cifras de<br \/>\ncontagios y tomar el control, es solo aguantar un poquito m\u00e1s, la vacuna est\u00e1 por llegar.<br \/>\nSeamos fuertes y recordemos lo que hemos vivido en estos meses y lo mal que lo hemos<br \/>\npasado.<\/p>\n<p>Hagamos una r\u00e1pida radiograf\u00eda de la situaci\u00f3n de Espa\u00f1a en estos momentos.<br \/>\nEsto dice el peri\u00f3dico EL MUNDO<br \/>\n\u2026 \u201d R\u00e9cord de contagios registrados desde el fin del estado de alarma en Espa\u00f1a. El<br \/>\ninforme actualizado este viernes por el Ministerio de Sanidad revela 12.183 nuevos casos<br \/>\nconfirmados de Covid-19, una cifra en sinton\u00eda con las registradas en los \u00faltimos<br \/>\nrecuentos.\u201d\u2026<\/p>\n<p>LOS DATOS DEL CORONAVIRUS EN ESPA\u00d1A<br \/>\n*Fuente: Ministerio de Sanidad<\/p>\n<p>Cifras totales: 566.326 casos de coronavirus diagnosticados por PCR; 29.747 muertos<br \/>\ncon test positivo a 11 de septiembre 2020<br \/>\nContagiados \/ Comunidad<br \/>\n\u2022 160.221 en\u00a0Madrid\u00a0(8.818 muertos)<br \/>\n\u2022 122.320 en\u00a0Catalu\u00f1a\u00a0(5.780 muertos)<br \/>\n\u2022 40.125 en\u00a0Andaluc\u00eda\u00a0(1.573 muertos)<br \/>\n\u2022 36.095 en\u00a0Pa\u00eds Vasco\u00a0(1.587 muertos)<br \/>\n\u2022 34.087 en\u00a0Castilla y Le\u00f3n\u00a0(2.883 muertos)<br \/>\n\u2022 29.665 en\u00a0Arag\u00f3n\u00a0(1.212 muertos)<br \/>\n\u2022 30.866 en la\u00a0Comunidad Valenciana\u00a0(1.515 muertos)<br \/>\n\u2022 29.130 en\u00a0Castilla-La Mancha\u00a0(3.052 muertos)<br \/>\n\u2022 17.179 en\u00a0Galicia\u00a0(674 muertos)<br \/>\n\u2022 12.232 en\u00a0Navarra\u00a0(542 muertos)<\/p>\n<p>\u2022 10.729 en\u00a0Baleares\u00a0(258 muertos)<br \/>\n\u2022 10.133 en\u00a0Canarias\u00a0(189 muertos)<br \/>\n\u2022 10.220 en\u00a0Murcia\u00a0(169 muertos)<br \/>\n\u2022 6.528 en\u00a0La Rioja\u00a0(382 muertos)<br \/>\n\u2022 6.643 en\u00a0Extremadura\u00a0(538 muertos)<br \/>\n\u2022 5.372 en\u00a0Cantabria\u00a0(227 muertos)<br \/>\n\u2022 3.828 en\u00a0Asturias\u00a0(338 muertos)<br \/>\n\u2022 577 en\u00a0Melilla\u00a0(3 muertos)<br \/>\n\u2022 376 en\u00a0Ceuta\u00a0(7 muertos)<br \/>\nEsto a falta de sumar los fallecidos por \u201cneumon\u00eda bilateral o \u201cinfecci\u00f3n respiratoria por<br \/>\nneumon\u00eda de la comunidad\u201d que se pueden contar por miles en todo el pa\u00eds y no se<br \/>\nregistraron como coronavirus.<\/p>\n<p>Continuamos con la informaci\u00f3n, seis meses despu\u00e9s de la pandemia, hoy 11 de<br \/>\nseptiembre en Espa\u00f1a las noticias denuncian que \u2026\u201d faltan m\u00e9dicos en los centros de<br \/>\nsalud, me explico, hay centros de salud en los que NO HAY NI UN M\u00c9DICO PARA<br \/>\nATENDER A LOS PACIENTES\u201d\u2026<br \/>\n\u2026\u201ddicen que muchos de los Hospitales de la Comunidad de Madrid tienen todas las<br \/>\ncamas de UCI ocupadas por pacientes covid-19 y comienzan a estar saturados\u201d\u2026<br \/>\n\u2026\u201dNos informan los m\u00e9dicos que volvemos a tener las mismas cifras que al principio<br \/>\nde la pandemia, 8.400 ingresados UCI en hospitales por todo el pa\u00eds por covid-19\u2033\u2026<br \/>\nSeguimos, \u2026\u201den estos momentos hay 100.000 personas confinadas por todo el territorio<br \/>\nnacional gracias a los focos de contagio que han surgido por la celebraci\u00f3n de distintas<br \/>\nfiestas y reuniones familiares\u201d\u2026<br \/>\n\u2026\u201dNos informan que el gobierno ha entrenado y formado protocolar y psicol\u00f3gicamente a<br \/>\nrastreadores militares que ya est\u00e1n ejerciendo en muchas comunidades aut\u00f3nomas\u201d\u2026<br \/>\nsu labor es hablar con los nuevos positivos en covid-19 y rastrear a los contactos<br \/>\nestrechos en sus \u00faltimas 48 horas con el fin de comenzar la cuarentena hasta que se les<br \/>\nhaga la PCR y as\u00ed evitar m\u00e1s contagios y la propagaci\u00f3n del virus.<br \/>\nY con todo esto que os cuento y con todo lo que est\u00e1 cayendo, hoy en Lleida tuvo lugar<br \/>\nuna manifestaci\u00f3n de casi un centenar de personas en contra de la utilizaci\u00f3n de la<br \/>\nmascarilla. Como podemos ver hay gente para todo e inconscientemente inc\u00edvicos que<br \/>\nda\u00f1an a los dem\u00e1s por su propio egocentrismo.<\/p>\n<p>Y del gobierno nos dicen qu\u00e9\u2026 no no, de eso no quiero hablar, solo espero que abramos<br \/>\nlos ojos y pongamos en marcha los cerebros otra vez, que todos hayamos aprendido un<br \/>\npoco sobre este bicho que nos ha cambiado la vida y que desgraciadamente no ha<br \/>\npasado, sigue presente y muy latente.<br \/>\nSe habla de muchas vacunas, pero ninguna termina de cuajar, aunque debemos esperar<br \/>\ny decir con fe que ya queda poco, que ya queda menos.<br \/>\nY aunque los jefes de las grandes naciones no se ponen de acuerdo y prefieren buscar<br \/>\nculpables cada uno por su lado, en lugar de unir fuerza y buscar soluciones, \u00a1(el ser<br \/>\nhumano es impredecible) \u2026 esa ser\u00eda la clave! \u2026seguramente todo ser\u00eda m\u00e1s f\u00e1cil y<br \/>\nr\u00e1pido, pero como bien sab\u00e9is lo que de verdad les importa es quien ser\u00e1 el primero en<br \/>\nsacar la vacuna ya que ese ser\u00e1 qui\u00e9n se forre por la venta de esta y quien gane la<br \/>\ncarrera al poder \u2026 lo dicho, siempre es cuesti\u00f3n de egos.<br \/>\nHoy Espa\u00f1a da por iniciado el curso lectivo 2020 en todo el territorio nacional, de forma<br \/>\nescalonada se han ido incorporando los alumnos de infantil, primaria, secundaria y<br \/>\nbachiller.<br \/>\nCurso lectivo con normativa covid-19 donde no puede faltar el gel de manos y la<br \/>\nmascarilla de recambio sin olvidar los consejitos de \u00faltima hora de mam\u00e1 que recuerdan<br \/>\nla anormalidad de la situaci\u00f3n.<\/p>\n<p>Como madre espero de coraz\u00f3n que todo vaya bien con nuestros hijos y que \u00e9sta nueva<br \/>\nnormativa cumpla con todos los protocolos de seguridad.<br \/>\nNo obstante, no puedo evitar sentir el miedo y la incertidumbre cuando escucho que las<br \/>\ncifras de contagios est\u00e1n subiendo otra vez, hemos pasado un verano at\u00edpico, en casa y<br \/>\nen burbuja, pero no ha bastado y esto no pinta bien, nada bien.<br \/>\nSe\u00f1ores despu\u00e9s de todo lo que aqu\u00ed he contado, tomar de ejemplo lo que aqu\u00ed hemos<br \/>\nvivido y seguimos viviendo, los horrores que hemos pasado por falta de sesos y muchos<br \/>\nexcesos, nos cuesta aprender sobre todo si el dolor no nos ha tocado de cerca.<br \/>\nMi querida Latinoam\u00e9rica, no por levantarse antes amanece m\u00e1s temprano, tener<br \/>\npaciencia que muchas veces es mejor ir despacio y con paso fuerte pero seguro, las<br \/>\nprisas en ocasiones se convierten en errores que se pagan con l\u00e1grimas, seguir las<br \/>\nrecomendaciones y normativas de seguridad, metro y medio de distancia, mascarilla<br \/>\nsiempre e interactuar en burbuja familiar.<br \/>\nLa p\u00e9rdida de un ser querido siempre es<\/p>\n<p>dolorosa, te imaginas poder evitarlo\u2026 o que tus amigos pudieran ayudarte a evitarlo\u2026<br \/>\nser\u00eda genial!!! Evitar tu sufrimiento y el de tus amigos es posible vamos a por ello todos<br \/>\njuntos con mascarilla y manos limpias somos m\u00e1s fuertes. Todos juntos podemos<br \/>\ncambiar las cifras y las noticias.<\/p>\n<div class=\"post-bottom-meta post-bottom-tags post-tags-modern\"><\/div>\n","protected":false},"excerpt":{"rendered":"<p>Es incre\u00edble para muchos de nosotros asimilar que han pasado 6 meses ya desde que comenz\u00f3 la pandemia. Si alguien nos hubiera dicho hace 1 a\u00f1o que esto suceder\u00eda le hubi\u00e9ramos tachado de loco, de chalado, nadie en su sano juicio en ese momento (o al menos es lo que quiero creer) podr\u00eda imaginar que [&hellip;]<\/p>\n","protected":false},"author":1,"featured_media":468,"comment_status":"open","ping_status":"open","sticky":false,"template":"","format":"standard","meta":[],"categories":[1],"tags":[],"featured_image_src":{"landsacpe":["https:\/\/menarilifecoach.com\/wp-content\/uploads\/2021\/05\/778-748x470-1-748x445.png",748,445,true],"list":["https:\/\/menarilifecoach.com\/wp-content\/uploads\/2021\/05\/778-748x470-1-463x348.png",463,348,true],"medium":["https:\/\/menarilifecoach.com\/wp-content\/uploads\/2021\/05\/778-748x470-1-300x189.png",300,189,true],"full":["https:\/\/menarilifecoach.com\/wp-content\/uploads\/2021\/05\/778-748x470-1.png",748,470,false]},"_links":{"self":[{"href":"https:\/\/menarilifecoach.com\/index.php\/wp-json\/wp\/v2\/posts\/467"}],"collection":[{"href":"https:\/\/menarilifecoach.com\/index.php\/wp-json\/wp\/v2\/posts"}],"about":[{"href":"https:\/\/menarilifecoach.com\/index.php\/wp-json\/wp\/v2\/types\/post"}],"author":[{"embeddable":true,"href":"https:\/\/menarilifecoach.com\/index.php\/wp-json\/wp\/v2\/users\/1"}],"replies":[{"embeddable":true,"href":"https:\/\/menarilifecoach.com\/index.php\/wp-json\/wp\/v2\/comments?post=467"}],"version-history":[{"count":1,"href":"https:\/\/menarilifecoach.com\/index.php\/wp-json\/wp\/v2\/posts\/467\/revisions"}],"predecessor-version":[{"id":469,"href":"https:\/\/menarilifecoach.com\/index.php\/wp-json\/wp\/v2\/posts\/467\/revisions\/469"}],"wp:featuredmedia":[{"embeddable":true,"href":"https:\/\/menarilifecoach.com\/index.php\/wp-json\/wp\/v2\/media\/468"}],"wp:attachment":[{"href":"https:\/\/menarilifecoach.com\/index.php\/wp-json\/wp\/v2\/media?parent=467"}],"wp:term":[{"taxonomy":"category","embeddable":true,"href":"https:\/\/menarilifecoach.com\/index.php\/wp-json\/wp\/v2\/categories?post=467"},{"taxonomy":"post_tag","embeddable":true,"href":"https:\/\/menarilifecoach.com\/index.php\/wp-json\/wp\/v2\/tags?post=467"}],"curies":[{"name":"wp","href":"https:\/\/api.w.org\/{rel}","templated":true}]}}