{"id":464,"date":"2021-05-11T11:23:00","date_gmt":"2021-05-11T11:23:00","guid":{"rendered":"http:\/\/webnroll.es\/lili\/?p=464"},"modified":"2021-05-11T11:23:00","modified_gmt":"2021-05-11T11:23:00","slug":"revisando-la-historia-del-covid-19","status":"publish","type":"post","link":"https:\/\/menarilifecoach.com\/index.php\/2021\/05\/11\/revisando-la-historia-del-covid-19\/","title":{"rendered":"Revisando la historia del COVID \u2013 19"},"content":{"rendered":"<p>Recordemos como comenz\u00f3 esta tragedia renombrada pandemia mundial por Covid 19.<\/p>\n<p>El coronavirus SARS-CoV-2 que\u00a0desat\u00f3 la pandemia a nivel mundial desde finales del 2019, hoy sigue m\u00e1s presente que nunca y\u00a0desgraciadamente para\u00a0los habitantes del planeta, no muestra s\u00edntomas de remisi\u00f3n.<\/p>\n<p>Pero, \u00bfCu\u00e1les son las cifras y la situaci\u00f3n actual a nivel mundial?\u00a0 \u00bfc\u00f3mo se comporta esta nueva sepa del coronavirus? Aqu\u00ed\u00a0te hago un peque\u00f1o resumen.<\/p>\n<p>A d\u00eda de hoy, 26 de enero de 2021, Espa\u00f1a ya ha superado los 2,6 millones de casos diagnosticados, golpeada por la tercera oleada del SARS-CoV-2, situaci\u00f3n que, en la actualidad, es muy similar para la gran mayor\u00eda de los pa\u00edses del continente europeo.<br \/>\nEn igualdad de situaciones est\u00e1 el continente americano, donde el virus avanza sin dar tregua, especialmente en Estados Unidos y Brasil que son dos de los\u00a0pa\u00edses m\u00e1s castigados del nuevo continente, donde ya se han reportado el mayor n\u00famero de casos (en el ranking mundial ocupan el primer y tercer puesto respectivamente) y la cifra m\u00e1s alta de muertos por la covid-19 en nivel global.<\/p>\n<p>Otro gran foco lo encontramos en India (segundo del mundo con m\u00e1s casos), que es con diferencia, el pa\u00eds asi\u00e1tico m\u00e1s afectado.<\/p>\n<p>Si hablamos de totales, m\u00e1s de 99 millones de personas en todo el mundo han sido diagnosticadas de coronavirus de las cuales,\u00a0 un total de dos millones han perdido la vida.<\/p>\n<p><strong>Pero \u00bfcu\u00e1l es\u00a0 la situaci\u00f3n\u00a0 en Espa\u00f1a en estos momentos?<\/strong><\/p>\n<p>Desde aquel pasado 31 de enero del 2020, que se identific\u00f3\u00a0el primer caso de covid en Espa\u00f1a, el virus le ha sido diagnosticado a 2,6 millones de personas. De las cuales m\u00e1s\u00a0de 57.000 han perdido la vida (cifras del Ministerio de Sanidad). Seguramente podr\u00edan ser muchos m\u00e1s ya que las cifras declaradas por las distintas instituciones del pa\u00eds difieren de forma abismal\u00a0en n\u00famero. Las\u00a0muertes que la pandemia ha dejado seg\u00fan el INE (datos de los registros civiles) desde marzo dan un total de 75.000 personas fallecidas de m\u00e1s que en la media de los cuatro a\u00f1os anteriores.<\/p>\n<p>El pa\u00eds permaneci\u00f3 en el 2020, durante m\u00e1s de tres meses en estado de alarma (entre el 14 de marzo y el 21 de junio), periodo en el que la poblaci\u00f3n fue confinada en sus hogares para contener el\u00a0contagio en la pandemia.<\/p>\n<p>El a\u00f1o pasado en los momentos del pico m\u00e1s altos de la pandemia, especialmente entre finales de marzo y principios de abril, se llegaron a registrar m\u00e1s de 900 muertos diarios por\u00a0Covid-19. No obstante en noviembre Sanidad notific\u00f3 9.200 muertes, el mes con m\u00e1s fallecidos desde abril.<\/p>\n<p>Luego lleg\u00f3\u00a0 la \u201cnueva normalidad\u201d, la etapa abierta tras el fin del primer estado de alarma, comenz\u00f3 la desescalada paulatina, y cuando ya hubo una apertura total a nivel nacional,\u00a0 los espa\u00f1oles,\u00a0 como\u00a0 es normal, pretend\u00edamos volver a hacer vida normal y as\u00ed fue,\u00a0 en un instante se nos olvid\u00f3 todo lo que hab\u00edamos pasado en esos 3 meses de encierro,\u00a0 salimos a la calle para juntarnos con los amigos que hac\u00eda tanto tiempo no ve\u00edamos,\u00a0 volvimos al pueblo de vacaciones, de viaje,\u00a0 al campo, nos fuimos a disfrutar de la playa,\u00a0 de la Espa\u00f1a rural, claro est\u00e1\u2026\u201dporque el calor mataba el bicho\u201d\u2026y de repente esa libertad qued\u00f3 aplastada por la segunda ola, seguida de una tercera que ha llevado a Espa\u00f1a a sobrepasar los dos millones de casos diagnosticados.<\/p>\n<p>Las navidades y el fin de a\u00f1o fue distinto para todos, el\u00a0Gobierno decret\u00f3 un segundo estado de alarma durante 15 d\u00edas, que se ha sido prorrogado con el benepl\u00e1cito del Congreso. Las navidades fueron fechas\u00a0 muy duras para muchas familias que vieron sillas vac\u00edas en sus mesas, sillas que no volver\u00e1n a ocuparse; pero aun as\u00ed, las personas se volvieron a juntar y a celebrar a lo grande,\u00a0 dejando de lado la distancia de seguridad, la mascarilla y todo aquello que nos hace combatir este enemigo, si,\u00a0 volvimos a caer\u00a0 tras la relajaci\u00f3n de las restricciones durante las festividades, y as\u00ed\u00a0 el aumento de las cifras de contagio ha obligado a los Gobiernos regionales a endurecer las limitaciones. Dando rienda suelta a una guerra pol\u00edtica que se retroalimenta del egocentrismo de los pol\u00edticos de turno donde tiran balones fuera buscando un culpable por la nefasta actuaci\u00f3n del gobierno, o sea, de ellos mismos, ya que deber\u00edan mirar hacia dentro y darse cuenta que este pa\u00eds necesita l\u00edderes que gu\u00eden la poblaci\u00f3n con empat\u00eda y humanidad hacia las personas que despu\u00e9s de casi un a\u00f1o siguen sufriendo las perdidas, perdida de seres queridos, p\u00e9rdida econ\u00f3mico-sociales, p\u00e9rdida de autoestima y de confianza a nuestros gobernantes que solo saber mentir y hacer el rid\u00edculo con sus pataletas, como los bufones en el circo.<\/p>\n<p><strong>Pero hablemos de c\u00f3mo ha cambiado el covid-19 desde marzo del 2020, \u00bfes posible que haya mutado? \u00bfqu\u00e9 se sabe de la nueva variante del virus detectada en Reino Unido que llev\u00f3 a la imposici\u00f3n de una dura cuarentena en Londres y otras regiones como amplios sectores del este y sureste de Inglaterra y Gales?<\/strong><\/p>\n<p>Hay una simple y sencilla regla\u00a0para valorar las noticias que hablan de una \u201cnueva variante\u201d o una \u201cnueva cepa\u201d de coronavirus y lo m\u00e1s razonable es preguntarse: \u201c\u00bfHa cambiado el comportamiento del virus?\u201d<\/p>\n<p>Cierto es que un virus mutante suena instintivamente aterrador, pero mutar y cambiar es lo que hacen los virus. La mayor\u00eda de las veces es un ajuste sin consecuencias, el virus se altera a s\u00ed mismo de tal manera que se debilita al infectarnos y la nueva variante simplemente desaparece.<\/p>\n<p>Por el momento no hay nada que sugiera que la nueva variante del coronavirus detectada en Inglaterra cause s\u00edntomas m\u00e1s graves o que afecte la capacidad de las vacunas, no obstante y seg\u00fan anunciaron autoridades brit\u00e1nicas este s\u00e1bado,(BBC) las investigaciones preliminares sugieren que esta nueva cepa puede transmitirse m\u00e1s f\u00e1cilmente.<\/p>\n<p>Hay dos razones por las que los cient\u00edficos la vigilan de cerca. Por el momento no hay nada que sugiera que la nueva variante del coronavirus detectada\u00a0cause s\u00edntomas m\u00e1s graves o que afecte la capacidad de las vacunas.<\/p>\n<p>Desde su salto a los humanos hace aproximadamente un a\u00f1o, se han detectado unas dos mutaciones del Sars-CoV 2 cada mes.<\/p>\n<p>La primera es que los niveles de la variante, detectada por primera vez en suelo brit\u00e1nico en septiembre, son m\u00e1s altos en lugares donde se han registrado m\u00e1s casos.<\/p>\n<p>Este s\u00e1bado, al anunciar nuevas restricciones para ciertas zonas del pa\u00eds -similares a las del pasado mes de marzo-, el primer ministro brit\u00e1nico, Boris Johnson, explic\u00f3 \u2026\u201d que la propagaci\u00f3n del virus en muchas partes de esta regi\u00f3n est\u00e1 \u201cimpulsada por la nueva variante del virus\u201d\u2026\u201d que no hay evidencia de que la nueva cepa cause s\u00edntomas m\u00e1s graves o una mayor mortalidad\u201d<\/p>\n<p>\u201cPuede ser hasta un 70% m\u00e1s transmisible que la variante anterior\u201d, agreg\u00f3, puntualizando que son datos iniciales y est\u00e1n sujetos a revisi\u00f3n.<\/p>\n<p><strong>Hablemos ahora de \u00bfc\u00f3mo ha afectado y\u00a0est\u00e1 afectando a Espa\u00f1a est\u00e1 nueva cepa seg\u00fan los cient\u00edficos a nivel mundial.<\/strong><\/p>\n<p>\u00bfC\u00f3mo se propag\u00f3 esta nueva\u201d\u00a0cepa espa\u00f1ola\u201d durante el verano? Seg\u00fan la OMS, fue muy simple, la gente se contagi\u00f3 durante las vacaciones y luego la llev\u00f3 a casa, pero har\u00edan falta m\u00e1s\u00a0experimentos en el laboratorio para descubrir si esta variante realmente es m\u00e1s contagiosa que todas las dem\u00e1s.<\/p>\n<p>El otro tema que interesa a los cient\u00edficos es c\u00f3mo ha mutado el virus. Qu\u00e9 se sabe de las diferentes mutaciones del coronavirus y c\u00f3mo los cient\u00edficos las est\u00e1n siguiendo en tiempo real\u2026ellos han declarado que: \u201cTiene un n\u00famero sorprendentemente grande de mutaciones, m\u00e1s de lo que cabr\u00eda esperar, y algunas parecen interesantes\u201d, dijo el profesor Nick Loman del Consorcio COVID-19 Genomics UK (COG-UK).<\/p>\n<p>De todas ellas vale destacar dos tipos de mutaciones, dos conjuntos notables de mutaciones.<br \/>\nAmbos se encuentran en la prote\u00edna de pico, que es la llave que usa el virus para abrir la puerta a las c\u00e9lulas de nuestro cuerpo y apoderarse de ellas. La mutaci\u00f3n N501 altera la parte m\u00e1s importante del pico, conocida como \u201cdominio de uni\u00f3n al receptor\u201d. Aqu\u00ed es donde el pico hace contacto por primera vez con la superficie de las c\u00e9lulas de nuestro cuerpo. Cualquier cambio que facilite la entrada del virus probablemente le dar\u00e1 una ventaja.<\/p>\n<p><em>\u201cSe ve y huele como una adaptaci\u00f3n importante\u201d<\/em>, dijo el profesor Loman.<\/p>\n<p>La otra mutaci\u00f3n -una supresi\u00f3n H69 \/ V70- ha surgido varias veces antes, por ejemplo, en los visones infectados en Dinamarca. De ellos conocemos la mutaci\u00f3n de covid-19 hallada en visones en Dinamarca y qu\u00e9 nos dice del fen\u00f3meno conocido como \u201cderrame inverso\u201d, la preocupaci\u00f3n ha sido que los anticuerpos en la sangre de los supervivientes parecen menos eficaces contra esa variante del virus.<\/p>\n<p>Pero, una vez m\u00e1s, se necesitar\u00e1n m\u00e1s estudios de laboratorio para comprender lo que est\u00e1 sucediendo realmente.<\/p>\n<p><em>\u201cSabemos que hay una variante, no sabemos nada sobre lo que eso significa biol\u00f3gicamente\u201d<\/em>, dijo el profesor Alan McNally, de la Universidad de Birmingham.<br \/>\n<em>\u201cEs demasiado pronto para hacer alguna diferencia sobre cu\u00e1n importante puede ser o no\u201d<\/em>, agreg\u00f3.<\/p>\n<p><strong>\u00bfY las vacunas? \u00bfC\u00f3mo act\u00faan en nuestro cuerpo?<\/strong><\/p>\n<p>Las mutaciones en la prote\u00edna de pico conducen a preguntas sobre la vacuna porque las tres candidatas principales -las desarrolladas por Pfizer\/BioNTech, Moderna y Oxford\/Astra Zeneca- entrenan al sistema inmunol\u00f3gico para que ataque el pico.<br \/>\nSin embargo, el cuerpo aprende a atacar m\u00faltiples partes del pico. Es por eso que los funcionarios de salud siguen convencidos de que las vacunas funcionar\u00e1n contra esta variante.<br \/>\nEste es un virus que evolucion\u00f3 en animales y dio el salto a infectar a las personas hace aproximadamente m\u00e1s de un a\u00f1o; desde entonces, y como ya he mencionado anteriormente,\u00a0 se han estado detectado unas dos mutaciones al mes: toma una muestra hoy y comp\u00e1rala con las primeras de Wuhan en China y habr\u00eda alrededor de 25 mutaciones de diferencia.<\/p>\n<p>El coronavirus todav\u00eda est\u00e1 probando diferentes combinaciones de mutaciones para infectar adecuadamente a los humanos.<\/p>\n<p>Ya hemos visto que esto sucedi\u00f3 antes: muchos consideran que el surgimiento y el dominio global de otra variante (G614) es un ejemplo de la mejor propagaci\u00f3n del virus.<\/p>\n<p>Pero pronto la vacunaci\u00f3n masiva ejercer\u00e1 un tipo diferente de presi\u00f3n sobre el virus, que tendr\u00e1 que cambiar para infectar a las personas que han sido inmunizadas.<br \/>\nY si esto impulsa la evoluci\u00f3n del virus, es posible que tengamos que actualizar peri\u00f3dicamente las vacunas, como hacemos con las de la gripe.<\/p>\n<p>S\u00f3lo nos queda seguir todas las normas de seguridad que nos ha aconsejado la OMS, estar al d\u00eda de sus actualizaciones\u00a0y ser conscientes que est\u00e1 guerra la debemos ganar entre todos, sin importar el color, la etnia, el estatus social \u2013 econ\u00f3mico, el idioma o la religi\u00f3n, ya que el SARS-COV-19 no hace distinciones, y est\u00e1 vez solo depende de nuestras actuaciones para cuidar de nuestra salud, nuestro futuro y el de las personas que amamos. Pasar a la acci\u00f3n como un equipo y trabajar juntos para dejar de lamentar tantas p\u00e9rdidas y las pr\u00f3ximas navidades las sillas est\u00e9n ocupadas por quienes amamos y tenemos cerca el d\u00eda de hoy.<\/p>\n","protected":false},"excerpt":{"rendered":"<p>Recordemos como comenz\u00f3 esta tragedia renombrada pandemia mundial por Covid 19. El coronavirus SARS-CoV-2 que\u00a0desat\u00f3 la pandemia a nivel mundial desde finales del 2019, hoy sigue m\u00e1s presente que nunca y\u00a0desgraciadamente para\u00a0los habitantes del planeta, no muestra s\u00edntomas de remisi\u00f3n. Pero, \u00bfCu\u00e1les son las cifras y la situaci\u00f3n actual a nivel mundial?\u00a0 \u00bfc\u00f3mo se comporta [&hellip;]<\/p>\n","protected":false},"author":1,"featured_media":465,"comment_status":"open","ping_status":"open","sticky":false,"template":"","format":"standard","meta":[],"categories":[9],"tags":[],"featured_image_src":{"landsacpe":["https:\/\/menarilifecoach.com\/wp-content\/uploads\/2021\/05\/FOTO1-2-768x470-1-768x445.jpg",768,445,true],"list":["https:\/\/menarilifecoach.com\/wp-content\/uploads\/2021\/05\/FOTO1-2-768x470-1-463x348.jpg",463,348,true],"medium":["https:\/\/menarilifecoach.com\/wp-content\/uploads\/2021\/05\/FOTO1-2-768x470-1-300x184.jpg",300,184,true],"full":["https:\/\/menarilifecoach.com\/wp-content\/uploads\/2021\/05\/FOTO1-2-768x470-1.jpg",768,470,false]},"_links":{"self":[{"href":"https:\/\/menarilifecoach.com\/index.php\/wp-json\/wp\/v2\/posts\/464"}],"collection":[{"href":"https:\/\/menarilifecoach.com\/index.php\/wp-json\/wp\/v2\/posts"}],"about":[{"href":"https:\/\/menarilifecoach.com\/index.php\/wp-json\/wp\/v2\/types\/post"}],"author":[{"embeddable":true,"href":"https:\/\/menarilifecoach.com\/index.php\/wp-json\/wp\/v2\/users\/1"}],"replies":[{"embeddable":true,"href":"https:\/\/menarilifecoach.com\/index.php\/wp-json\/wp\/v2\/comments?post=464"}],"version-history":[{"count":1,"href":"https:\/\/menarilifecoach.com\/index.php\/wp-json\/wp\/v2\/posts\/464\/revisions"}],"predecessor-version":[{"id":466,"href":"https:\/\/menarilifecoach.com\/index.php\/wp-json\/wp\/v2\/posts\/464\/revisions\/466"}],"wp:featuredmedia":[{"embeddable":true,"href":"https:\/\/menarilifecoach.com\/index.php\/wp-json\/wp\/v2\/media\/465"}],"wp:attachment":[{"href":"https:\/\/menarilifecoach.com\/index.php\/wp-json\/wp\/v2\/media?parent=464"}],"wp:term":[{"taxonomy":"category","embeddable":true,"href":"https:\/\/menarilifecoach.com\/index.php\/wp-json\/wp\/v2\/categories?post=464"},{"taxonomy":"post_tag","embeddable":true,"href":"https:\/\/menarilifecoach.com\/index.php\/wp-json\/wp\/v2\/tags?post=464"}],"curies":[{"name":"wp","href":"https:\/\/api.w.org\/{rel}","templated":true}]}}